{"id":1984,"date":"2012-08-29T19:46:59","date_gmt":"2012-08-29T19:46:59","guid":{"rendered":""},"modified":"2012-08-29T19:46:59","modified_gmt":"2012-08-29T19:46:59","slug":"","status":"publish","type":"post","link":"https:\/\/www.livestagemusic.com\/?p=1984","title":{"rendered":"Intervju med Eldrimner"},"content":{"rendered":"<p>Eldrimner fr\u00e5n G\u00f6teborg sl\u00e4pper sin debutplatta \u201dInom f\u00f6rloppet av ett liv\u201d i slutet av september. Bandets s\u00e5ngare Alexander Andersson \u00e4r laddad inf\u00f6r skivsl\u00e4ppet.<br \/>\n\u00ad &#8211; Det \u00e4r s\u00e5 himla g\u00f6tt, s\u00e5 l\u00e4nge som vi har jobbat med den h\u00e4r plattan, s\u00e4ger han.<\/p>\n<p>Eldrimner bildades n\u00e4r killarna i bandet gick i h\u00f6gstadiet.<br \/>\n\u00ad &#8211; D\u00e5 var vi alla utom basisten, jag spelade bas och sj\u00f6ng. Men det blir s\u00e5 tr\u00e5kigt n\u00e4r man \u00e4r l\u00e5st vid basen, s\u00e5 d\u00e5 tog vi in Otto som spelar bas. Den s\u00e4ttningen \u00e4r vi idag, s\u00e4ger Alexander.<br \/>\nDrygt fem \u00e5r senare \u00e4r det dags att sl\u00e4ppa f\u00f6rsta plattan.<br \/>\n\u00ad &#8211; Det \u00e4r s\u00e5 himla g\u00f6tt. Vi har jobbat med den h\u00e4r plattan i tv\u00e5 \u00e5r och det ska bli s\u00e5 j\u00e4vla g\u00f6tt att f\u00e5 sl\u00e4ppa den.<\/p>\n<p>\u201cInom f\u00f6rloppet av ett liv\u201d \u00e4r en konceptskiva, som titeln antyder f\u00e5r vi f\u00f6lja med en person under hela livet.<br \/>\n\u00ad &#8211; F\u00f6rsta l\u00e5ten kan man s\u00e4ga \u00e4r n\u00e4r han f\u00f6ds och sista \u00e4r n\u00e4r han d\u00f6r, och s\u00e5 f\u00e5r man f\u00f6lja med p\u00e5 en resa under hela den h\u00e4r killens liv.<br \/>\nBandet har ocks\u00e5 skrivit en novell som h\u00f6r till plattan.<br \/>\n\u00ad &#8211; D\u00e4r f\u00e5r man en b\u00e4ttre inblick och en mer ber\u00e4ttande version av sj\u00e4lva plattan. L\u00e4ser man novellen kommer man f\u00f6rst\u00e5 inneb\u00f6rden med hela plattan.<\/p>\n<p>\u201cLivsflykt\u201d, \u201cUnderg\u00e5ngen\u201d, \u201cDitt sista andetag\u201d och \u201cSmutsen kommer inifr\u00e5n\u201d \u00e4r inga glada titlar. Bandet h\u00e4mtar inspiration fr\u00e5n sina egna liv n\u00e4r det kommer till de m\u00f6rka texterna.<br \/>\n\u00ad &#8211; Vi i bandet och m\u00e5nga v\u00e4nner har levt med ett m\u00f6rker i sitt liv, v\u00e4nner som har tagit livet av sig och andra s\u00e5dana saker. Det speglar av sig i texterna, s\u00e4ger Alexander.<br \/>\nInspirationen till texterna kommer fr\u00e5n det verkliga livet, men \u00e4r skriva s\u00e5 de ska g\u00e5 hem hos den breda massan.<br \/>\n\u00ad &#8211; De \u00e4r skrivna s\u00e5 att en allm\u00e4nhet ska f\u00f6rst\u00e5 det, p\u00e5 n\u00e5t s\u00e4tt. Jag vill ha det lite \u201di ditt ansikte\u201d: S\u00e5 h\u00e4r \u00e4r v\u00e4rlden ibland, det \u00e4r inte bara en dans p\u00e5 rosor. Det finns m\u00f6rkare saker ocks\u00e5.<br \/>\nAlexander sjunger allts\u00e5 p\u00e5 svenska, n\u00e5got som f\u00e5r bandet att st\u00e5 ut en del i sin genre.<br \/>\n\u00ad &#8211; Det var ett r\u00e4tt naturligt val faktiskt. N\u00e4r vi b\u00f6rjade s\u00e5 b\u00f6rjade jag med att skriva en svensk l\u00e5t, jag tycker man f\u00e5r en mer personlig bild och lyriken kan bli starkare. Orden sl\u00e5r starkare p\u00e5 svenska. D\u00e4rf\u00f6r har vi valt att beh\u00e5lla det, fr\u00e5n den d\u00e4r f\u00f6rsta l\u00e5ten.<\/p>\n<p>Att de sjunger p\u00e5 modersm\u00e5let hindrar dock inte bandet fr\u00e5n att satsa p\u00e5 spelningar utomlands.<br \/>\n\u00ad &#8211; Det finns ju en del band som k\u00f6r p\u00e5 svenska som \u00e4ven kan sl\u00e5 utomlands, till exempel Shining som \u00e4r en stor inspirationsk\u00e4lla f\u00f6r oss. Och Kvelertak som k\u00f6r p\u00e5 norska.<br \/>\nEfter skivsl\u00e4ppet \u00e4r det ut och spela som g\u00e4ller f\u00f6r Eldrimner.<br \/>\n\u00ad- Vi ska ut och spela s\u00e5 mycket som m\u00f6jligt \u00e4r det t\u00e4nkt, i alla fall till sommaren ska vi f\u00f6rs\u00f6ka boka lite festivaler. Vi har redan nu b\u00f6rjat skriva nytt material ocks\u00e5, men nu g\u00e4ller det att komma ut med den h\u00e4r skivan s\u00e5 mycket som m\u00f6jligt, s\u00e4ger Alexander.<\/p>\n","protected":false},"excerpt":{"rendered":"<p>Eldrimner fr\u00e5n G\u00f6teborg sl\u00e4pper sin debutplatta \u201dInom f\u00f6rloppet av ett liv\u201d i slutet av september. Bandets s\u00e5ngare Alexander Andersson \u00e4r laddad inf\u00f6r skivsl\u00e4ppet. \u00ad &#8211; Det \u00e4r s\u00e5 himla g\u00f6tt, s\u00e5 l\u00e4nge som vi har jobbat med den h\u00e4r plattan, s\u00e4ger han. Eldrimner bildades n\u00e4r killarna i bandet gick i h\u00f6gstadiet. \u00ad &#8211; D\u00e5 var [&hellip;]<\/p>\n","protected":false},"author":313,"featured_media":0,"comment_status":"open","ping_status":"open","sticky":false,"template":"","format":"standard","meta":{"ngg_post_thumbnail":0,"footnotes":""},"categories":[2],"tags":[],"class_list":["post-1984","post","type-post","status-publish","format-standard","hentry","category-interviews"],"_links":{"self":[{"href":"https:\/\/www.livestagemusic.com\/index.php?rest_route=\/wp\/v2\/posts\/1984","targetHints":{"allow":["GET"]}}],"collection":[{"href":"https:\/\/www.livestagemusic.com\/index.php?rest_route=\/wp\/v2\/posts"}],"about":[{"href":"https:\/\/www.livestagemusic.com\/index.php?rest_route=\/wp\/v2\/types\/post"}],"author":[{"embeddable":true,"href":"https:\/\/www.livestagemusic.com\/index.php?rest_route=\/wp\/v2\/users\/313"}],"replies":[{"embeddable":true,"href":"https:\/\/www.livestagemusic.com\/index.php?rest_route=%2Fwp%2Fv2%2Fcomments&post=1984"}],"version-history":[{"count":0,"href":"https:\/\/www.livestagemusic.com\/index.php?rest_route=\/wp\/v2\/posts\/1984\/revisions"}],"wp:attachment":[{"href":"https:\/\/www.livestagemusic.com\/index.php?rest_route=%2Fwp%2Fv2%2Fmedia&parent=1984"}],"wp:term":[{"taxonomy":"category","embeddable":true,"href":"https:\/\/www.livestagemusic.com\/index.php?rest_route=%2Fwp%2Fv2%2Fcategories&post=1984"},{"taxonomy":"post_tag","embeddable":true,"href":"https:\/\/www.livestagemusic.com\/index.php?rest_route=%2Fwp%2Fv2%2Ftags&post=1984"}],"curies":[{"name":"wp","href":"https:\/\/api.w.org\/{rel}","templated":true}]}}